{"id":1114,"date":"2025-06-03T08:28:42","date_gmt":"2025-06-03T05:28:42","guid":{"rendered":"https:\/\/www.sarisayfalar.com\/blog\/?p=1114"},"modified":"2025-06-03T08:29:35","modified_gmt":"2025-06-03T05:29:35","slug":"2025-yaz-dekorasyon-trendleri","status":"publish","type":"post","link":"https:\/\/www.sarisayfalar.com\/blog\/2025-yaz-dekorasyon-trendleri\/","title":{"rendered":"2025 Yaz Dekorasyon Trendleri"},"content":{"rendered":"<p><strong>Ev dekorasyonu<\/strong>, her mevsim yenilenmeye a\u00e7\u0131k bir alan. 2025 yaz\u0131nda i\u00e7 mek\u00e2nlarda ferahl\u0131k, do\u011fall\u0131k ve canl\u0131l\u0131k temalar\u0131 \u00f6n planda. Hem modern hem de konforlu bir ya\u015fam alan\u0131 olu\u015fturmak isteyenler i\u00e7in bu y\u0131l\u0131n dekorasyon trendleri dikkat \u00e7ekici unsurlar sunuyor. \u0130\u015fte bu yaz evinizi yenilerken ilham alabilece\u011finiz trendler:<\/p>\n<h3><strong>1. Do\u011fal Malzemelerle Yaz Ferahl\u0131\u011f\u0131<\/strong><\/h3>\n<p>2025 y\u0131l\u0131nda do\u011fal ev dekorasyonu olduk\u00e7a pop\u00fcler. Bambu, rattan, keten ve a\u00e7\u0131k renkli ah\u015fap gibi do\u011fadan ilham alan malzemeler hem \u00e7evre dostu hem de estetik. \u00d6zellikle salon ve balkon dekorasyonunda do\u011fal dokulara sahip \u00fcr\u00fcnler tercih ediliyor.<\/p>\n<h3><strong>2. Canl\u0131 Renklerle Enerji Kat\u0131n<\/strong><\/h3>\n<p>Dekorasyonda canl\u0131 mavi, mercan, turuncu ve zeytin ye\u015fili gibi yaz tonlar\u0131 \u00f6ne \u00e7\u0131k\u0131yor. Renkli k\u0131rlentler, hal\u0131lar ve tablolar sayesinde mek\u00e2na hareket katmak m\u00fcmk\u00fcn. Bu renkler, yaz\u0131n enerjisini do\u011frudan evinize ta\u015f\u0131yor.<\/p>\n<h3><strong>3. Fonksiyonel ve Minimal Mobilyalar<\/strong><\/h3>\n<p>K\u00fc\u00e7\u00fck alanlar i\u00e7in \u00e7ok ama\u00e7l\u0131 mobilyalar olduk\u00e7a ideal. Katlanabilir masa ve sandalyeler, saklama alan\u0131 olan koltuklar ve mod\u00fcler sistemler, hem \u015f\u0131k hem i\u015flevsel bir kullan\u0131m sunuyor. Minimalist dekorasyonla da uyumlu olan bu mobilyalar, modern ya\u015fam\u0131 kolayla\u015ft\u0131r\u0131yor.<\/p>\n<h3><strong>4. Bitkilerle Do\u011fay\u0131 Evinize Ta\u015f\u0131y\u0131n<\/strong><\/h3>\n<p>\u0130\u00e7 mek\u00e2nda kullan\u0131lan bitkiler hem dekoratif hem de sa\u011fl\u0131kl\u0131 bir atmosfer yarat\u0131yor. Monstera, sukulentler, areka palmiyesi gibi b\u00fcy\u00fck yaprakl\u0131 bitkiler evde do\u011fall\u0131\u011f\u0131 yans\u0131t\u0131yor. \u00d6zellikle salon ve \u00e7al\u0131\u015fma alanlar\u0131nda tercih ediliyor.<\/p>\n<h3><strong>5. Ki\u015fisel Dokunu\u015flarla Fark Yarat\u0131n<\/strong><\/h3>\n<p>El yap\u0131m\u0131 aksesuarlar, nostaljik objeler ve seyahat hat\u0131ralar\u0131, evinize \u00f6zg\u00fcnl\u00fck kat\u0131yor. Kendi tarz\u0131n\u0131z\u0131 yans\u0131tan bu t\u00fcr detaylarla ya\u015fam alan\u0131n\u0131z daha s\u0131cak ve ki\u015fisel hale gelir.<\/p>\n<h3><\/h3>\n<p>&nbsp;<\/p>\n<p>&nbsp;<\/p>\n","protected":false},"excerpt":{"rendered":"Ev dekorasyonu, her mevsim yenilenmeye a\u00e7\u0131k bir alan. 2025 yaz\u0131nda i\u00e7 mek\u00e2nlarda ferahl\u0131k, do\u011fall\u0131k ve canl\u0131l\u0131k temalar\u0131 \u00f6n&hellip;","protected":false},"author":1,"featured_media":1115,"comment_status":"open","ping_status":"open","sticky":false,"template":"","format":"standard","meta":{"csco_singular_sidebar":"","csco_page_header_type":"","csco_page_load_nextpost":"","footnotes":""},"categories":[287],"tags":[289,291,290,294,293,297,296,295,292],"class_list":{"0":"post-1114","1":"post","2":"type-post","3":"status-publish","4":"format-standard","5":"has-post-thumbnail","7":"category-ev-yasam","8":"tag-2025-yaz-dekorasyon-trendleri","9":"tag-dogal-ev-dekorasyonu","10":"tag-ev-dekorasyonu-fikirleri","11":"tag-fonksiyonel-mobilyalar","12":"tag-ic-mekan-bitkileri","13":"tag-kisisel-dekorasyon-fikirleri","14":"tag-kucuk-ev-dekorasyonu","15":"tag-modern-ev-tasarimlari","16":"tag-yazlik-ev-dekorasyonu","17":"cs-entry"},"_links":{"self":[{"href":"https:\/\/www.sarisayfalar.com\/blog\/wp-json\/wp\/v2\/posts\/1114","targetHints":{"allow":["GET"]}}],"collection":[{"href":"https:\/\/www.sarisayfalar.com\/blog\/wp-json\/wp\/v2\/posts"}],"about":[{"href":"https:\/\/www.sarisayfalar.com\/blog\/wp-json\/wp\/v2\/types\/post"}],"author":[{"embeddable":true,"href":"https:\/\/www.sarisayfalar.com\/blog\/wp-json\/wp\/v2\/users\/1"}],"replies":[{"embeddable":true,"href":"https:\/\/www.sarisayfalar.com\/blog\/wp-json\/wp\/v2\/comments?post=1114"}],"version-history":[{"count":2,"href":"https:\/\/www.sarisayfalar.com\/blog\/wp-json\/wp\/v2\/posts\/1114\/revisions"}],"predecessor-version":[{"id":1117,"href":"https:\/\/www.sarisayfalar.com\/blog\/wp-json\/wp\/v2\/posts\/1114\/revisions\/1117"}],"wp:featuredmedia":[{"embeddable":true,"href":"https:\/\/www.sarisayfalar.com\/blog\/wp-json\/wp\/v2\/media\/1115"}],"wp:attachment":[{"href":"https:\/\/www.sarisayfalar.com\/blog\/wp-json\/wp\/v2\/media?parent=1114"}],"wp:term":[{"taxonomy":"category","embeddable":true,"href":"https:\/\/www.sarisayfalar.com\/blog\/wp-json\/wp\/v2\/categories?post=1114"},{"taxonomy":"post_tag","embeddable":true,"href":"https:\/\/www.sarisayfalar.com\/blog\/wp-json\/wp\/v2\/tags?post=1114"}],"curies":[{"name":"wp","href":"https:\/\/api.w.org\/{rel}","templated":true}]}}